{"id":52578,"date":"2024-05-17T09:05:20","date_gmt":"2024-05-17T07:05:20","guid":{"rendered":"https:\/\/academy.clarissaglow.ch\/formation-specialisee-en-soins-du-visage-par-sothys-niveau-2-avance\/"},"modified":"2026-04-02T19:32:26","modified_gmt":"2026-04-02T17:32:26","slug":"formation-specialisee-en-soins-faciaux-niveau-2-avance","status":"publish","type":"post","link":"https:\/\/academy.clarissaglow.ch\/fr\/formation-specialisee-en-soins-faciaux-niveau-2-avance\/","title":{"rendered":"Formation sp\u00e9cialis\u00e9e en soins du visage Niveau 2-Avanc\u00e9"},"content":{"rendered":"\t\t<div data-elementor-type=\"wp-post\" data-elementor-id=\"52578\" class=\"elementor elementor-52578 elementor-52149\" data-elementor-post-type=\"post\">\n\t\t\t\t\t\t<section data-particle_enable=\"false\" data-particle-mobile-disabled=\"false\" class=\"elementor-section elementor-top-section elementor-element elementor-element-a9493e1 elementor-section-boxed elementor-section-height-default elementor-section-height-default wpr-particle-no wpr-jarallax-no wpr-parallax-no wpr-sticky-section-no wpr-equal-height-no\" data-id=\"a9493e1\" data-element_type=\"section\" data-e-type=\"section\" data-settings=\"{&quot;background_background&quot;:&quot;classic&quot;}\">\n\t\t\t\t\t\t<div class=\"elementor-container elementor-column-gap-default\">\n\t\t\t\t\t<div class=\"elementor-column elementor-col-100 elementor-top-column elementor-element elementor-element-3ef9b4d\" data-id=\"3ef9b4d\" data-element_type=\"column\" data-e-type=\"column\">\n\t\t\t<div class=\"elementor-widget-wrap elementor-element-populated\">\n\t\t\t\t\t\t<div class=\"elementor-element elementor-element-6ece6f0 elementor-widget elementor-widget-image\" data-id=\"6ece6f0\" data-element_type=\"widget\" data-e-type=\"widget\" data-widget_type=\"image.default\">\n\t\t\t\t<div class=\"elementor-widget-container\">\n\t\t\t\t\t\t\t\t\t\t\t\t\t\t\t<img fetchpriority=\"high\" decoding=\"async\" width=\"768\" height=\"768\" src=\"https:\/\/academy.clarissaglow.ch\/wp-content\/uploads\/2025\/01\/Clarissaglow-Pictures-social-media-1-768x768.jpg\" class=\"attachment-medium_large size-medium_large wp-image-57434\" alt=\"Professional Face Treatment Course \u2013 Learn Advanced Skincare Techniques at Clarissaglow Academy\" srcset=\"https:\/\/academy.clarissaglow.ch\/wp-content\/uploads\/2025\/01\/Clarissaglow-Pictures-social-media-1-768x768.jpg 768w, https:\/\/academy.clarissaglow.ch\/wp-content\/uploads\/2025\/01\/Clarissaglow-Pictures-social-media-1-300x300.jpg 300w, https:\/\/academy.clarissaglow.ch\/wp-content\/uploads\/2025\/01\/Clarissaglow-Pictures-social-media-1-100x100.jpg 100w, https:\/\/academy.clarissaglow.ch\/wp-content\/uploads\/2025\/01\/Clarissaglow-Pictures-social-media-1-600x600.jpg 600w, https:\/\/academy.clarissaglow.ch\/wp-content\/uploads\/2025\/01\/Clarissaglow-Pictures-social-media-1-1024x1024.jpg 1024w, https:\/\/academy.clarissaglow.ch\/wp-content\/uploads\/2025\/01\/Clarissaglow-Pictures-social-media-1-150x150.jpg 150w, https:\/\/academy.clarissaglow.ch\/wp-content\/uploads\/2025\/01\/Clarissaglow-Pictures-social-media-1-1536x1536.jpg 1536w, https:\/\/academy.clarissaglow.ch\/wp-content\/uploads\/2025\/01\/Clarissaglow-Pictures-social-media-1.jpg 2048w\" sizes=\"(max-width: 768px) 100vw, 768px\" \/>\t\t\t\t\t\t\t\t\t\t\t\t\t\t\t<\/div>\n\t\t\t\t<\/div>\n\t\t\t\t<div class=\"elementor-element elementor-element-ed08feb elementor-widget elementor-widget-heading\" data-id=\"ed08feb\" data-element_type=\"widget\" data-e-type=\"widget\" data-widget_type=\"heading.default\">\n\t\t\t\t<div class=\"elementor-widget-container\">\n\t\t\t\t\t<h1 class=\"elementor-heading-title elementor-size-default\">Formation sp\u00e9cialis\u00e9e en soins du visage Niveau 2-Avanc\u00e9<\/h1>\t\t\t\t<\/div>\n\t\t\t\t<\/div>\n\t\t\t\t<div class=\"elementor-element elementor-element-47546d1 elementor-widget elementor-widget-heading\" data-id=\"47546d1\" data-element_type=\"widget\" data-e-type=\"widget\" data-widget_type=\"heading.default\">\n\t\t\t\t<div class=\"elementor-widget-container\">\n\t\t\t\t\t<h1 class=\"elementor-heading-title elementor-size-default\">Ma\u00eetriser les techniques faciales avanc\u00e9es\n\n<\/h1>\t\t\t\t<\/div>\n\t\t\t\t<\/div>\n\t\t\t\t<div class=\"elementor-element elementor-element-8b44361 elementor-widget elementor-widget-text-editor\" data-id=\"8b44361\" data-element_type=\"widget\" data-e-type=\"widget\" data-widget_type=\"text-editor.default\">\n\t\t\t\t<div class=\"elementor-widget-container\">\n\t\t\t\t\t\t\t\t\t<p class=\"\" data-start=\"53\" data-end=\"328\">Ce cours avanc\u00e9 est con\u00e7u pour am\u00e9liorer votre expertise en mati\u00e8re de soins professionnels du visage. En vous appuyant sur vos connaissances de base, vous renforcerez vos techniques et apprendrez \u00e0 r\u00e9aliser des traitements de haute performance en utilisant des m\u00e9thodes avanc\u00e9es et des produits de qualit\u00e9 professionnelle. <\/p><p class=\"\" data-start=\"330\" data-end=\"589\">Le niveau 2 se concentre sur le d\u00e9veloppement de vos comp\u00e9tences avec des techniques faciales avanc\u00e9es et l&rsquo;int\u00e9gration de technologies de soins de la peau sp\u00e9cialis\u00e9es. Vous affinerez votre capacit\u00e9 \u00e0 analyser et \u00e0 traiter des probl\u00e8mes de peau plus complexes avec confiance, pr\u00e9cision et professionnalisme. <\/p><p class=\"\" data-start=\"591\" data-end=\"884\">Tout au long de cette formation compl\u00e8te, vous explorerez des m\u00e9thodes de traitement innovantes et des strat\u00e9gies de soins personnalis\u00e9es. Combinant th\u00e9orie approfondie et pratique, ce cours vous pr\u00e9pare \u00e0 offrir des traitements faciaux personnalis\u00e9s et de haut niveau, adapt\u00e9s aux besoins sp\u00e9cifiques de chaque client. <\/p>\t\t\t\t\t\t\t\t<\/div>\n\t\t\t\t<\/div>\n\t\t\t\t<div class=\"elementor-element elementor-element-0c4a6c8 elementor-widget elementor-widget-heading\" data-id=\"0c4a6c8\" data-element_type=\"widget\" data-e-type=\"widget\" data-widget_type=\"heading.default\">\n\t\t\t\t<div class=\"elementor-widget-container\">\n\t\t\t\t\t<h2 class=\"elementor-heading-title elementor-size-default\">Pourquoi une formation sp\u00e9cialis\u00e9e en soins du visage - niveau 2 (avanc\u00e9) ?<\/h2>\t\t\t\t<\/div>\n\t\t\t\t<\/div>\n\t\t\t\t<div class=\"elementor-element elementor-element-246e59a elementor-widget elementor-widget-text-editor\" data-id=\"246e59a\" data-element_type=\"widget\" data-e-type=\"widget\" data-widget_type=\"text-editor.default\">\n\t\t\t\t<div class=\"elementor-widget-container\">\n\t\t\t\t\t\t\t\t\t<ul data-start=\"180\" data-end=\"600\"><li class=\"\" data-start=\"180\" data-end=\"300\"><p class=\"\" data-start=\"182\" data-end=\"300\"><strong data-start=\"182\" data-end=\"212\">Ma\u00eetriser les techniques avanc\u00e9es<\/strong><br data-start=\"212\" data-end=\"215\">Apprenez des traitements sp\u00e9cialis\u00e9s con\u00e7us pour cibler des probl\u00e8mes de peau sp\u00e9cifiques et complexes.<\/p><\/li><li class=\"\" data-start=\"302\" data-end=\"447\"><p class=\"\" data-start=\"304\" data-end=\"447\"><strong data-start=\"304\" data-end=\"343\">Renforcez vos comp\u00e9tences professionnelles<\/strong><br data-start=\"343\" data-end=\"346\">Obtenez une certification interm\u00e9diaire qui renforce votre valeur et votre cr\u00e9dibilit\u00e9 dans l&rsquo;industrie de la beaut\u00e9.<\/p><\/li><li class=\"\" data-start=\"449\" data-end=\"600\"><p class=\"\" data-start=\"451\" data-end=\"600\"><strong data-start=\"451\" data-end=\"497\">Gagnez en confiance avec les technologies de pointe<\/strong><br data-start=\"497\" data-end=\"500\">D\u00e9veloppez vos comp\u00e9tences dans l&rsquo;utilisation de produits et de technologies de pointe pour les soins de la peau afin d&rsquo;obtenir des r\u00e9sultats professionnels.<\/p><\/li><\/ul><p class=\"\" data-start=\"602\" data-end=\"813\">Ce cours offre une formation compl\u00e8te qui associe la th\u00e9orie \u00e0 une pratique intensive. Vous explorerez des m\u00e9thodes innovantes et des strat\u00e9gies de traitement personnalis\u00e9es pour r\u00e9pondre aux besoins uniques de chaque client. <\/p><p class=\"\" data-start=\"815\" data-end=\"1032\">Avec des groupes de taille r\u00e9duite &#8211; limit\u00e9s \u00e0 6 participants &#8211; vous b\u00e9n\u00e9ficierez d&rsquo;une attention personnalis\u00e9e, de conseils d&rsquo;experts et d&rsquo;une exp\u00e9rience pratique qui vous aideront \u00e0 perfectionner vos comp\u00e9tences et \u00e0 obtenir des r\u00e9sultats exceptionnels en toute confiance.<\/p>\t\t\t\t\t\t\t\t<\/div>\n\t\t\t\t<\/div>\n\t\t\t\t<div class=\"elementor-element elementor-element-bbfcf5d elementor-widget elementor-widget-heading\" data-id=\"bbfcf5d\" data-element_type=\"widget\" data-e-type=\"widget\" data-widget_type=\"heading.default\">\n\t\t\t\t<div class=\"elementor-widget-container\">\n\t\t\t\t\t<h2 class=\"elementor-heading-title elementor-size-default\">Objectifs de la formation<\/h2>\t\t\t\t<\/div>\n\t\t\t\t<\/div>\n\t\t\t\t<div class=\"elementor-element elementor-element-e788caa elementor-widget elementor-widget-text-editor\" data-id=\"e788caa\" data-element_type=\"widget\" data-e-type=\"widget\" data-widget_type=\"text-editor.default\">\n\t\t\t\t<div class=\"elementor-widget-container\">\n\t\t\t\t\t\t\t\t\t<ul data-spread=\"false\" data-pm-slice=\"3 3 []\"><li><p>Ma\u00eetrisez l&rsquo;analyse approfondie de la peau et les m\u00e9thodes de diagnostic avanc\u00e9es.<\/p><\/li><li><p>Mettre en \u0153uvre des proc\u00e9dures de soins du visage de niveau interm\u00e9diaire.<\/p><\/li><li><p>\u00c9laborer des consultations efficaces avec les clients et des plans de traitement personnalis\u00e9s.<\/p><\/li><\/ul>\t\t\t\t\t\t\t\t<\/div>\n\t\t\t\t<\/div>\n\t\t\t\t<div class=\"elementor-element elementor-element-5ddfc9a elementor-widget elementor-widget-heading\" data-id=\"5ddfc9a\" data-element_type=\"widget\" data-e-type=\"widget\" data-widget_type=\"heading.default\">\n\t\t\t\t<div class=\"elementor-widget-container\">\n\t\t\t\t\t<h2 class=\"elementor-heading-title elementor-size-default\">Comp\u00e9tences acquises<\/h2>\t\t\t\t<\/div>\n\t\t\t\t<\/div>\n\t\t\t\t<div class=\"elementor-element elementor-element-6a15e3e elementor-widget elementor-widget-text-editor\" data-id=\"6a15e3e\" data-element_type=\"widget\" data-e-type=\"widget\" data-widget_type=\"text-editor.default\">\n\t\t\t\t<div class=\"elementor-widget-container\">\n\t\t\t\t\t\t\t\t\t<ul data-spread=\"false\" data-pm-slice=\"3 3 []\"><li><p>Diagnostic interm\u00e9diaire de la peau<\/p><\/li><li><p>Application d&rsquo;appareils \u00e9lectriques pour le visage (Vapozone, cold spray)<\/p><\/li><li><p>Techniques de massage avanc\u00e9es et protocoles de traitement sp\u00e9cialis\u00e9s<\/p><\/li><li><p>Am\u00e9lioration de l&rsquo;interaction avec les clients et des comp\u00e9tences en mati\u00e8re de consultation<\/p><\/li><\/ul>\t\t\t\t\t\t\t\t<\/div>\n\t\t\t\t<\/div>\n\t\t\t\t<div class=\"elementor-element elementor-element-010bf97 elementor-widget elementor-widget-heading\" data-id=\"010bf97\" data-element_type=\"widget\" data-e-type=\"widget\" data-widget_type=\"heading.default\">\n\t\t\t\t<div class=\"elementor-widget-container\">\n\t\t\t\t\t<h2 class=\"elementor-heading-title elementor-size-default\">? ??? Aper\u00e7u du programme de cours - Intensif de 5 jours\n<\/h2>\t\t\t\t<\/div>\n\t\t\t\t<\/div>\n\t\t\t\t<div class=\"elementor-element elementor-element-e5d32e2 elementor-widget elementor-widget-text-editor\" data-id=\"e5d32e2\" data-element_type=\"widget\" data-e-type=\"widget\" data-widget_type=\"text-editor.default\">\n\t\t\t\t<div class=\"elementor-widget-container\">\n\t\t\t\t\t\t\t\t\t<p data-start=\"186\" data-end=\"244\"><strong data-start=\"191\" data-end=\"244\">R\u00f4le professionnel et \u00e9thique en pratique avanc\u00e9e<\/strong><\/p><ul data-start=\"245\" data-end=\"504\"><li class=\"\" data-start=\"245\" data-end=\"336\"><p class=\"\" data-start=\"247\" data-end=\"336\">Approfondissez votre compr\u00e9hension du r\u00f4le professionnel de l&rsquo;esth\u00e9ticienne dans les soins avanc\u00e9s du visage.<\/p><\/li><li class=\"\" data-start=\"337\" data-end=\"409\"><p class=\"\" data-start=\"339\" data-end=\"409\">Examiner les responsabilit\u00e9s \u00e9thiques lors de la prise en charge de probl\u00e8mes cutan\u00e9s complexes.<\/p><\/li><li class=\"\" data-start=\"410\" data-end=\"504\"><p class=\"\" data-start=\"412\" data-end=\"504\">Apprenez les meilleures pratiques pour g\u00e9rer les environnements de traitement avanc\u00e9s et les protocoles de soins aux clients.<\/p><\/li><\/ul><p data-start=\"506\" data-end=\"563\"><strong data-start=\"511\" data-end=\"563\">Biologie avanc\u00e9e de la peau, affections et diagnostic<\/strong><\/p><ul data-start=\"564\" data-end=\"855\"><li class=\"\" data-start=\"564\" data-end=\"655\"><p class=\"\" data-start=\"566\" data-end=\"655\">Revoir l&rsquo;anatomie de la peau en mettant l&rsquo;accent sur la fa\u00e7on dont les facteurs biologiques influencent les r\u00e9sultats du traitement.<\/p><\/li><li class=\"\" data-start=\"656\" data-end=\"776\"><p class=\"\" data-start=\"658\" data-end=\"776\">Apprendre \u00e0 reconna\u00eetre et \u00e0 \u00e9valuer des affections cutan\u00e9es plus complexes (sensibilit\u00e9, d\u00e9shydratation, vieillissement, hyperpigmentation).<\/p><\/li><li class=\"\" data-start=\"777\" data-end=\"855\"><p class=\"\" data-start=\"779\" data-end=\"855\">Appliquer des techniques de diagnostic avanc\u00e9es pour concevoir des plans de traitement personnalis\u00e9s.<\/p><\/li><\/ul><p data-start=\"857\" data-end=\"914\"><strong data-start=\"862\" data-end=\"914\">Protocoles sp\u00e9cialis\u00e9s SOTHYS et ma\u00eetrise des produits<\/strong><\/p><ul data-start=\"915\" data-end=\"1193\"><li class=\"\" data-start=\"915\" data-end=\"997\"><p class=\"\" data-start=\"917\" data-end=\"997\">D\u00e9couvrez les protocoles de traitement avanc\u00e9s de SOTHYS et leurs applications cibl\u00e9es.<\/p><\/li><li class=\"\" data-start=\"998\" data-end=\"1090\"><p class=\"\" data-start=\"1000\" data-end=\"1090\">Acqu\u00e9rir une connaissance approfondie des gammes de produits sp\u00e9cialis\u00e9s SOTHYS con\u00e7us pour un usage professionnel.<\/p><\/li><li class=\"\" data-start=\"1091\" data-end=\"1193\"><p class=\"\" data-start=\"1093\" data-end=\"1193\">Apprenez \u00e0 combiner les produits et les techniques pour obtenir des r\u00e9sultats optimaux pour diverses affections cutan\u00e9es.<\/p><\/li><\/ul><p data-start=\"1195\" data-end=\"1240\"><strong data-start=\"1200\" data-end=\"1240\">Techniques avanc\u00e9es de traitement du visage<\/strong><\/p><ul data-start=\"1241\" data-end=\"1508\"><li class=\"\" data-start=\"1241\" data-end=\"1343\"><p class=\"\" data-start=\"1243\" data-end=\"1343\">Pratiquez des m\u00e9thodes avanc\u00e9es de nettoyage, d&rsquo;exfoliation et d&rsquo;extraction adapt\u00e9es aux probl\u00e8mes sp\u00e9cifiques de la peau.<\/p><\/li><li class=\"\" data-start=\"1344\" data-end=\"1448\"><p class=\"\" data-start=\"1346\" data-end=\"1448\">Apprenez \u00e0 appliquer des masques sp\u00e9cialis\u00e9s et \u00e0 renforcer les ingr\u00e9dients actifs pour am\u00e9liorer la performance du traitement.<\/p><\/li><li class=\"\" data-start=\"1449\" data-end=\"1508\"><p class=\"\" data-start=\"1451\" data-end=\"1508\">Int\u00e9grer des protocoles avanc\u00e9s d&rsquo;hydratation et de r\u00e9cup\u00e9ration de la peau.<\/p><\/li><li data-start=\"1449\" data-end=\"1508\"><p data-pm-slice=\"1 1 [\"list\",{\"spread\":false,\"start\":2452,\"end\":2669},\"regular_list_item\",{\"start\":2484,\"end\":2549}]\">Application d&rsquo;appareils \u00e9lectriques pour le visage (Vapozone, cold spray)<\/p><\/li><\/ul><p data-start=\"1804\" data-end=\"1862\"><strong data-start=\"1809\" data-end=\"1862\">Consultation du client, personnalisation et suivi<\/strong><\/p><ul data-start=\"1863\" data-end=\"2134\"><li class=\"\" data-start=\"1863\" data-end=\"1951\"><p class=\"\" data-start=\"1865\" data-end=\"1951\">Affinez vos comp\u00e9tences en mati\u00e8re de consultation afin d&rsquo;\u00e9valuer les besoins des clients et de fixer des attentes r\u00e9alistes.<\/p><\/li><li class=\"\" data-start=\"1952\" data-end=\"2031\"><p class=\"\" data-start=\"1954\" data-end=\"2031\">Cr\u00e9er des plans de traitement personnalis\u00e9s en fonction de l&rsquo;\u00e9valuation de la peau du client et de ses objectifs.<\/p><\/li><li class=\"\" data-start=\"2032\" data-end=\"2134\"><p class=\"\" data-start=\"2034\" data-end=\"2134\">Fournir des recommandations avanc\u00e9es en mati\u00e8re de soins ult\u00e9rieurs afin de favoriser la sant\u00e9 de la peau \u00e0 long terme et la satisfaction du client.<\/p><\/li><\/ul><p data-start=\"2136\" data-end=\"2188\"><strong data-start=\"2141\" data-end=\"2188\">Pratique et coaching personnalis\u00e9<\/strong><\/p><ul data-start=\"2189\" data-end=\"2478\"><li class=\"\" data-start=\"2189\" data-end=\"2273\"><p class=\"\" data-start=\"2191\" data-end=\"2273\">B\u00e9n\u00e9ficiez d&rsquo;une formation pratique intensive sous la supervision de formateurs experts.<\/p><\/li><li class=\"\" data-start=\"2274\" data-end=\"2374\"><p class=\"\" data-start=\"2276\" data-end=\"2374\">Travaillez en petit groupe (maximum 6 participants) pour assurer un accompagnement individuel et un perfectionnement des comp\u00e9tences.<\/p><\/li><li class=\"\" data-start=\"2375\" data-end=\"2478\"><p class=\"\" data-start=\"2377\" data-end=\"2478\">Acqu\u00e9rir de l&rsquo;assurance dans la r\u00e9alisation de traitements faciaux professionnels et ax\u00e9s sur les r\u00e9sultats, du d\u00e9but \u00e0 la fin.<\/p><\/li><\/ul>\t\t\t\t\t\t\t\t<\/div>\n\t\t\t\t<\/div>\n\t\t\t\t<div class=\"elementor-element elementor-element-1a1c5c8 elementor-widget elementor-widget-heading\" data-id=\"1a1c5c8\" data-element_type=\"widget\" data-e-type=\"widget\" data-widget_type=\"heading.default\">\n\t\t\t\t<div class=\"elementor-widget-container\">\n\t\t\t\t\t<h2 class=\"elementor-heading-title elementor-size-default\">\u00c0 qui s'adresse ce cours ?<\/h2>\t\t\t\t<\/div>\n\t\t\t\t<\/div>\n\t\t\t\t<div class=\"elementor-element elementor-element-843a96f elementor-widget elementor-widget-text-editor\" data-id=\"843a96f\" data-element_type=\"widget\" data-e-type=\"widget\" data-widget_type=\"text-editor.default\">\n\t\t\t\t<div class=\"elementor-widget-container\">\n\t\t\t\t\t\t\t\t\t<ul><li class=\"\" data-start=\"398\" data-end=\"515\"><p class=\"\" data-start=\"400\" data-end=\"515\"><strong data-start=\"400\" data-end=\"447\">les esth\u00e9ticiennes<\/strong> qui ont suivi une formation d&rsquo;initiation ou de base aux soins du visage.<\/p><\/li><li class=\"\" data-start=\"516\" data-end=\"651\"><p class=\"\" data-start=\"518\" data-end=\"651\"><strong data-start=\"518\" data-end=\"574\">Les professionnels qui cherchent \u00e0 \u00e9largir leur gamme de traitements<\/strong> avec des techniques avanc\u00e9es et des solutions cibl\u00e9es pour les probl\u00e8mes de peau complexes.<\/p><\/li><li class=\"\" data-start=\"652\" data-end=\"775\"><p class=\"\" data-start=\"654\" data-end=\"775\"><strong data-start=\"654\" data-end=\"678\">Les sp\u00e9cialistes des soins de la peau<\/strong> qui souhaitent acqu\u00e9rir de l&rsquo;assurance dans l&rsquo;utilisation de produits professionnels et de technologies de pointe en mati\u00e8re de soins de la peau.<\/p><\/li><li class=\"\" data-start=\"776\" data-end=\"909\"><p class=\"\" data-start=\"778\" data-end=\"909\"><strong data-start=\"778\" data-end=\"825\">Propri\u00e9taires d&rsquo;entreprises de beaut\u00e9 ou professionnels des spas<\/strong> souhaitant offrir \u00e0 leurs clients des services de soins du visage de grande valeur et ax\u00e9s sur les r\u00e9sultats.<\/p><\/li><\/ul>\t\t\t\t\t\t\t\t<\/div>\n\t\t\t\t<\/div>\n\t\t\t\t<div class=\"elementor-element elementor-element-1d0c770 elementor-widget elementor-widget-heading\" data-id=\"1d0c770\" data-element_type=\"widget\" data-e-type=\"widget\" data-widget_type=\"heading.default\">\n\t\t\t\t<div class=\"elementor-widget-container\">\n\t\t\t\t\t<h2 class=\"elementor-heading-title elementor-size-default\">D\u00e9tails du cours<\/h2>\t\t\t\t<\/div>\n\t\t\t\t<\/div>\n\t\t\t\t<div class=\"elementor-element elementor-element-56a0f59 elementor-widget elementor-widget-text-editor\" data-id=\"56a0f59\" data-element_type=\"widget\" data-e-type=\"widget\" data-widget_type=\"text-editor.default\">\n\t\t\t\t<div class=\"elementor-widget-container\">\n\t\t\t\t\t\t\t\t\t<p data-start=\"4706\" data-end=\"4752\"><strong>Lieu :<\/strong> Acad\u00e9mie Clarissaglow  <\/p><p data-start=\"4706\" data-end=\"4752\"><strong>Dur\u00e9e du s\u00e9jour :<\/strong> 5 jours<\/p><p data-start=\"4782\" data-end=\"4865\"><strong>Certification :<\/strong> \u00c0 la fin de la formation de 5 jours en soins du visage sp\u00e9cialis\u00e9s, vous recevrez la certification officielle en soins du visage sp\u00e9cialis\u00e9s, reconnaissant vos comp\u00e9tences professionnelles en mati\u00e8re de traitements du visage.<\/p><ul data-start=\"984\" data-end=\"1181\"><li data-start=\"984\" data-end=\"1181\"><p data-start=\"986\" data-end=\"1019\">Exigences en mati\u00e8re de certification :<\/p><ul data-start=\"1022\" data-end=\"1181\"><li data-start=\"1022\" data-end=\"1052\"><p data-start=\"1024\" data-end=\"1052\">90% de pr\u00e9sence au minimum<\/p><\/li><li data-start=\"1055\" data-end=\"1126\"><p data-start=\"1057\" data-end=\"1126\">Participation active aux sessions pratiques et th\u00e9oriques<\/p><\/li><li data-start=\"1129\" data-end=\"1181\"><p data-start=\"1131\" data-end=\"1181\">R\u00e9ussir les \u00e9valuations finales<\/p><\/li><\/ul><\/li><\/ul><p data-start=\"1131\" data-end=\"1181\"><span style=\"font-weight: bolder; font-family: -apple-system, BlinkMacSystemFont, 'Segoe UI', Roboto, 'Helvetica Neue', Arial, 'Noto Sans', sans-serif, 'Apple Color Emoji', 'Segoe UI Emoji', 'Segoe UI Symbol', 'Noto Color Emoji';\">Date : Contactez-nous pour plus d&rsquo;informations <\/span><span style=\"color: #805b3f;\">:<strong> <a style=\"color: #805b3f; transition-property: all;\" href=\"tel:+41%2076%20802%209983\">+41 76 802 9983<\/a> <\/strong><\/span> <\/p><p data-start=\"423\" data-end=\"479\"><span style=\"font-weight: bolder;\">Prix : <\/span>Chf 1200<\/p><p style=\"padding-left: 40px;\"><span style=\"font-weight: bolder;\">Economisez jusqu&rsquo;\u00e0 CHF 550.00<\/span> en vous inscrivant aux cours de niveau 1, de niveau 2 et de niveau 3.<\/p><p data-start=\"423\" data-end=\"479\"><strong>Abonnement : <span style=\"color: #805b3f;\"><a style=\"color: #805b3f;\" href=\"mailto:academy@clarissaglow.ch\">academy@clarissaglow.ch<\/a><\/span><\/strong><\/p><div><div><div><div><div><div><div><div><div><div><p style=\"padding-left: 40px;\"> <\/p><\/div><\/div><\/div><\/div><\/div><\/div><\/div><\/div><\/div><\/div><div><div><div><div><div><div><div><div><div><div><p style=\"padding-left: 40px;\"> <\/p><\/div><\/div><\/div><\/div><\/div><\/div><\/div><\/div><\/div><\/div>\t\t\t\t\t\t\t\t<\/div>\n\t\t\t\t<\/div>\n\t\t\t\t\t<\/div>\n\t\t<\/div>\n\t\t\t\t\t<\/div>\n\t\t<\/section>\n\t\t\t\t\t<script>\n\t\t\t\t(function($) {\n                    \"use strict\";\n\n                    var target = $('.elementor-element-a9493e1');\n                    target.addClass('e-lazyloaded');\n\n                    \n                    var EaelParallaxElement = {\n\n\t\t\t\t\t\tinit: function() {\n\t\t\t\t\t\t\telementorFrontend.hooks.addAction('frontend\/element_ready\/global', EaelParallaxElement.initWidget);\n\t\t\t\t\t\t},\n                        responsiveParallax: function(){\n                            var android = 0,\n                                ios = 0;\n                            switch( true || 1 ){\n                                case android && ios:\n                                    return \/iPad|iPhone|iPod|Android\/;\n                                    break;\n                                case android && ! ios:\n                                    return \/Android\/;\n                                    break;\n                                case ! android && ios:\n                                    return \/iPad|iPhone|iPod\/;\n                                    break;\n                                case ( ! android && ! ios ):\n                                    return null;\n                            }\n                        },\n\t\t\t\t\t\tinitWidget: function( $scope ) {\n\n\t\t\t\t\t\t\ttarget.jarallax({\n\t\t\t\t\t\t\t\ttype: 'scale',\n\t\t\t\t\t\t\t\tspeed: 1,\n\t\t\t\t\t\t\t\tkeepImg: true,\n                                disableParallax: EaelParallaxElement.responsiveParallax(),\n\t\t\t\t\t\t\t});\n\t\t\t\t\t\t}\n\n\t\t\t\t\t};\n\n\t\t\t\t\t$( window ).on('elementor\/frontend\/init', EaelParallaxElement.init);\n\n                    \t\t\t\t}( jQuery ) );\n\t\t\t<\/script>\n\t\t\t\t<\/div>\n\t\t","protected":false},"excerpt":{"rendered":"<p>Formation sp\u00e9cialis\u00e9e en soins du visage Niveau 2-Avanc\u00e9 Ma\u00eetriser les techniques faciales avanc\u00e9es Ce cours avanc\u00e9 est con\u00e7u pour am\u00e9liorer votre expertise en mati\u00e8re de soins professionnels du visage. En vous appuyant sur vos connaissances de base, vous renforcerez vos techniques et apprendrez \u00e0 r\u00e9aliser des traitements de haute performance en utilisant des m\u00e9thodes avanc\u00e9es et des produits de qualit\u00e9 professionnelle. Le niveau 2 se concentre sur le d\u00e9veloppement de vos comp\u00e9tences avec des techniques faciales avanc\u00e9es et l&rsquo;int\u00e9gration de technologies de soins de la peau sp\u00e9cialis\u00e9es. Vous affinerez votre capacit\u00e9 \u00e0 analyser et \u00e0 traiter des probl\u00e8mes de peau plus complexes avec confiance, pr\u00e9cision et professionnalisme. Tout au long de cette formation compl\u00e8te, vous explorerez des m\u00e9thodes de traitement innovantes et des strat\u00e9gies de soins personnalis\u00e9es. Combinant th\u00e9orie approfondie et pratique, ce cours vous pr\u00e9pare \u00e0 offrir des traitements faciaux personnalis\u00e9s et de haut niveau, adapt\u00e9s aux besoins sp\u00e9cifiques de chaque client. Pourquoi une formation sp\u00e9cialis\u00e9e en soins du visage &#8211; niveau 2 (avanc\u00e9) ? Ma\u00eetriser les techniques avanc\u00e9esApprenez des traitements sp\u00e9cialis\u00e9s con\u00e7us pour cibler des probl\u00e8mes de peau sp\u00e9cifiques et complexes. Renforcez vos comp\u00e9tences professionnellesObtenez une certification interm\u00e9diaire qui renforce votre valeur et votre cr\u00e9dibilit\u00e9 dans l&rsquo;industrie de la beaut\u00e9. Gagnez en confiance avec les technologies de pointeD\u00e9veloppez vos comp\u00e9tences dans l&rsquo;utilisation de produits et de technologies de pointe pour les soins de la peau afin d&rsquo;obtenir des r\u00e9sultats professionnels. Ce cours offre une formation compl\u00e8te qui associe la th\u00e9orie \u00e0 une pratique intensive. Vous explorerez des m\u00e9thodes innovantes et des strat\u00e9gies de traitement personnalis\u00e9es pour r\u00e9pondre aux besoins uniques de chaque client. Avec des groupes de taille r\u00e9duite &#8211; limit\u00e9s \u00e0 6 participants &#8211; vous b\u00e9n\u00e9ficierez d&rsquo;une attention personnalis\u00e9e, de conseils d&rsquo;experts et d&rsquo;une exp\u00e9rience pratique qui vous aideront \u00e0 perfectionner vos comp\u00e9tences et \u00e0 obtenir des r\u00e9sultats exceptionnels en toute confiance. Objectifs de la formation Ma\u00eetrisez l&rsquo;analyse approfondie de la peau et les m\u00e9thodes de diagnostic avanc\u00e9es. Mettre en \u0153uvre des proc\u00e9dures de soins du visage de niveau interm\u00e9diaire. \u00c9laborer des consultations efficaces avec les clients et des plans de traitement personnalis\u00e9s. Comp\u00e9tences acquises Diagnostic interm\u00e9diaire de la peau Application d&rsquo;appareils \u00e9lectriques pour le visage (Vapozone, cold spray) Techniques de massage avanc\u00e9es et protocoles de traitement sp\u00e9cialis\u00e9s Am\u00e9lioration de l&rsquo;interaction avec les clients et des comp\u00e9tences en mati\u00e8re de consultation ? ??? Aper\u00e7u du programme de cours &#8211; Intensif de 5 jours R\u00f4le professionnel et \u00e9thique en pratique avanc\u00e9e Approfondissez votre compr\u00e9hension du r\u00f4le professionnel de l&rsquo;esth\u00e9ticienne dans les soins avanc\u00e9s du visage. Examiner les responsabilit\u00e9s \u00e9thiques lors de la prise en charge de probl\u00e8mes cutan\u00e9s complexes. Apprenez les meilleures pratiques pour g\u00e9rer les environnements de traitement avanc\u00e9s et les protocoles de soins aux clients. Biologie avanc\u00e9e de la peau, affections et diagnostic Revoir l&rsquo;anatomie de la peau en mettant l&rsquo;accent sur la fa\u00e7on dont les facteurs biologiques influencent les r\u00e9sultats du traitement. Apprendre \u00e0 reconna\u00eetre et \u00e0 \u00e9valuer des affections cutan\u00e9es plus complexes (sensibilit\u00e9, d\u00e9shydratation, vieillissement, hyperpigmentation). Appliquer des techniques de diagnostic avanc\u00e9es pour concevoir des plans de traitement personnalis\u00e9s. Protocoles sp\u00e9cialis\u00e9s SOTHYS et ma\u00eetrise des produits D\u00e9couvrez les protocoles de traitement avanc\u00e9s de SOTHYS et leurs applications cibl\u00e9es. Acqu\u00e9rir une connaissance approfondie des gammes de produits sp\u00e9cialis\u00e9s SOTHYS con\u00e7us pour un usage professionnel. Apprenez \u00e0 combiner les produits et les techniques pour obtenir des r\u00e9sultats optimaux pour diverses affections cutan\u00e9es. Techniques avanc\u00e9es de traitement du visage Pratiquez des m\u00e9thodes avanc\u00e9es de nettoyage, d&rsquo;exfoliation et d&rsquo;extraction adapt\u00e9es aux probl\u00e8mes sp\u00e9cifiques de la peau. Apprenez \u00e0 appliquer des masques sp\u00e9cialis\u00e9s et \u00e0 renforcer les ingr\u00e9dients actifs pour am\u00e9liorer la performance du traitement. Int\u00e9grer des protocoles avanc\u00e9s d&rsquo;hydratation et de r\u00e9cup\u00e9ration de la peau. Application d&rsquo;appareils \u00e9lectriques pour le visage (Vapozone, cold spray) Consultation du client, personnalisation et suivi Affinez vos comp\u00e9tences en mati\u00e8re de consultation afin d&rsquo;\u00e9valuer les besoins des clients et de fixer des attentes r\u00e9alistes. Cr\u00e9er des plans de traitement personnalis\u00e9s en fonction de l&rsquo;\u00e9valuation de la peau du client et de ses objectifs. Fournir des recommandations avanc\u00e9es en mati\u00e8re de soins ult\u00e9rieurs afin de favoriser la sant\u00e9 de la peau \u00e0 long terme et la satisfaction du client. Pratique et coaching personnalis\u00e9 B\u00e9n\u00e9ficiez d&rsquo;une formation pratique intensive sous la supervision de formateurs experts. Travaillez en petit groupe (maximum 6 participants) pour assurer un accompagnement individuel et un perfectionnement des comp\u00e9tences. Acqu\u00e9rir de l&rsquo;assurance dans la r\u00e9alisation de traitements faciaux professionnels et ax\u00e9s sur les r\u00e9sultats, du d\u00e9but \u00e0 la fin. \u00c0 qui s&rsquo;adresse ce cours ? les esth\u00e9ticiennes qui ont suivi une formation d&rsquo;initiation ou de base aux soins du visage. Les professionnels qui cherchent \u00e0 \u00e9largir leur gamme de traitements avec des techniques avanc\u00e9es et des solutions cibl\u00e9es pour les probl\u00e8mes de peau complexes. Les sp\u00e9cialistes des soins de la peau qui souhaitent acqu\u00e9rir de l&rsquo;assurance dans l&rsquo;utilisation de produits professionnels et de technologies de pointe en mati\u00e8re de soins de la peau. Propri\u00e9taires d&rsquo;entreprises de beaut\u00e9 ou professionnels des spas souhaitant offrir \u00e0 leurs clients des services de soins du visage de grande valeur et ax\u00e9s sur les r\u00e9sultats. D\u00e9tails du cours Lieu : Acad\u00e9mie Clarissaglow Dur\u00e9e du s\u00e9jour : 5 jours Certification : \u00c0 la fin de la formation de 5 jours en soins du visage sp\u00e9cialis\u00e9s, vous recevrez la certification officielle en soins du visage sp\u00e9cialis\u00e9s, reconnaissant vos comp\u00e9tences professionnelles en mati\u00e8re de traitements du visage. Exigences en mati\u00e8re de certification : 90% de pr\u00e9sence au minimum Participation active aux sessions pratiques et th\u00e9oriques R\u00e9ussir les \u00e9valuations finales Date : Contactez-nous pour plus d&rsquo;informations : +41 76 802 9983 Prix : Chf 1200 Economisez jusqu&rsquo;\u00e0 CHF 550.00 en vous inscrivant aux cours de niveau 1, de niveau 2 et de niveau 3. Abonnement : academy@clarissaglow.ch<\/p>\n","protected":false},"author":1,"featured_media":57434,"comment_status":"closed","ping_status":"closed","sticky":false,"template":"","format":"standard","meta":{"_acf_changed":false,"_jetpack_memberships_contains_paid_content":false,"footnotes":""},"categories":[13],"tags":[],"class_list":["post-52578","post","type-post","status-publish","format-standard","has-post-thumbnail","hentry","category-cours-desthetique-et-beaute"],"acf":[],"yoast_head":"<!-- This site is optimized with the Yoast SEO plugin v27.4 - https:\/\/yoast.com\/product\/yoast-seo-wordpress\/ -->\n<title>Formation sp\u00e9cialis\u00e9e en soins du visage Niveau 2-Avanc\u00e9 - Clarissaglow Academy<\/title>\n<meta name=\"robots\" content=\"index, follow, max-snippet:-1, max-image-preview:large, max-video-preview:-1\" \/>\n<link rel=\"canonical\" href=\"https:\/\/academy.clarissaglow.ch\/fr\/formation-specialisee-en-soins-faciaux-niveau-2-avance\/\" \/>\n<meta property=\"og:locale\" content=\"fr_FR\" \/>\n<meta property=\"og:type\" content=\"article\" \/>\n<meta property=\"og:title\" content=\"Formation sp\u00e9cialis\u00e9e en soins du visage Niveau 2-Avanc\u00e9 - Clarissaglow Academy\" \/>\n<meta property=\"og:description\" content=\"Formation sp\u00e9cialis\u00e9e en soins du visage Niveau 2-Avanc\u00e9 Ma\u00eetriser les techniques faciales avanc\u00e9es Ce cours avanc\u00e9 est con\u00e7u pour am\u00e9liorer votre expertise en mati\u00e8re de soins professionnels du visage. En vous appuyant sur vos connaissances de base, vous renforcerez vos techniques et apprendrez \u00e0 r\u00e9aliser des traitements de haute performance en utilisant des m\u00e9thodes avanc\u00e9es et des produits de qualit\u00e9 professionnelle. Le niveau 2 se concentre sur le d\u00e9veloppement de vos comp\u00e9tences avec des techniques faciales avanc\u00e9es et l&rsquo;int\u00e9gration de technologies de soins de la peau sp\u00e9cialis\u00e9es. Vous affinerez votre capacit\u00e9 \u00e0 analyser et \u00e0 traiter des probl\u00e8mes de peau plus complexes avec confiance, pr\u00e9cision et professionnalisme. Tout au long de cette formation compl\u00e8te, vous explorerez des m\u00e9thodes de traitement innovantes et des strat\u00e9gies de soins personnalis\u00e9es. Combinant th\u00e9orie approfondie et pratique, ce cours vous pr\u00e9pare \u00e0 offrir des traitements faciaux personnalis\u00e9s et de haut niveau, adapt\u00e9s aux besoins sp\u00e9cifiques de chaque client. Pourquoi une formation sp\u00e9cialis\u00e9e en soins du visage &#8211; niveau 2 (avanc\u00e9) ? Ma\u00eetriser les techniques avanc\u00e9esApprenez des traitements sp\u00e9cialis\u00e9s con\u00e7us pour cibler des probl\u00e8mes de peau sp\u00e9cifiques et complexes. Renforcez vos comp\u00e9tences professionnellesObtenez une certification interm\u00e9diaire qui renforce votre valeur et votre cr\u00e9dibilit\u00e9 dans l&rsquo;industrie de la beaut\u00e9. Gagnez en confiance avec les technologies de pointeD\u00e9veloppez vos comp\u00e9tences dans l&rsquo;utilisation de produits et de technologies de pointe pour les soins de la peau afin d&rsquo;obtenir des r\u00e9sultats professionnels. Ce cours offre une formation compl\u00e8te qui associe la th\u00e9orie \u00e0 une pratique intensive. Vous explorerez des m\u00e9thodes innovantes et des strat\u00e9gies de traitement personnalis\u00e9es pour r\u00e9pondre aux besoins uniques de chaque client. Avec des groupes de taille r\u00e9duite &#8211; limit\u00e9s \u00e0 6 participants &#8211; vous b\u00e9n\u00e9ficierez d&rsquo;une attention personnalis\u00e9e, de conseils d&rsquo;experts et d&rsquo;une exp\u00e9rience pratique qui vous aideront \u00e0 perfectionner vos comp\u00e9tences et \u00e0 obtenir des r\u00e9sultats exceptionnels en toute confiance. Objectifs de la formation Ma\u00eetrisez l&rsquo;analyse approfondie de la peau et les m\u00e9thodes de diagnostic avanc\u00e9es. Mettre en \u0153uvre des proc\u00e9dures de soins du visage de niveau interm\u00e9diaire. \u00c9laborer des consultations efficaces avec les clients et des plans de traitement personnalis\u00e9s. Comp\u00e9tences acquises Diagnostic interm\u00e9diaire de la peau Application d&rsquo;appareils \u00e9lectriques pour le visage (Vapozone, cold spray) Techniques de massage avanc\u00e9es et protocoles de traitement sp\u00e9cialis\u00e9s Am\u00e9lioration de l&rsquo;interaction avec les clients et des comp\u00e9tences en mati\u00e8re de consultation ? ??? Aper\u00e7u du programme de cours &#8211; Intensif de 5 jours R\u00f4le professionnel et \u00e9thique en pratique avanc\u00e9e Approfondissez votre compr\u00e9hension du r\u00f4le professionnel de l&rsquo;esth\u00e9ticienne dans les soins avanc\u00e9s du visage. Examiner les responsabilit\u00e9s \u00e9thiques lors de la prise en charge de probl\u00e8mes cutan\u00e9s complexes. Apprenez les meilleures pratiques pour g\u00e9rer les environnements de traitement avanc\u00e9s et les protocoles de soins aux clients. Biologie avanc\u00e9e de la peau, affections et diagnostic Revoir l&rsquo;anatomie de la peau en mettant l&rsquo;accent sur la fa\u00e7on dont les facteurs biologiques influencent les r\u00e9sultats du traitement. Apprendre \u00e0 reconna\u00eetre et \u00e0 \u00e9valuer des affections cutan\u00e9es plus complexes (sensibilit\u00e9, d\u00e9shydratation, vieillissement, hyperpigmentation). Appliquer des techniques de diagnostic avanc\u00e9es pour concevoir des plans de traitement personnalis\u00e9s. Protocoles sp\u00e9cialis\u00e9s SOTHYS et ma\u00eetrise des produits D\u00e9couvrez les protocoles de traitement avanc\u00e9s de SOTHYS et leurs applications cibl\u00e9es. Acqu\u00e9rir une connaissance approfondie des gammes de produits sp\u00e9cialis\u00e9s SOTHYS con\u00e7us pour un usage professionnel. Apprenez \u00e0 combiner les produits et les techniques pour obtenir des r\u00e9sultats optimaux pour diverses affections cutan\u00e9es. Techniques avanc\u00e9es de traitement du visage Pratiquez des m\u00e9thodes avanc\u00e9es de nettoyage, d&rsquo;exfoliation et d&rsquo;extraction adapt\u00e9es aux probl\u00e8mes sp\u00e9cifiques de la peau. Apprenez \u00e0 appliquer des masques sp\u00e9cialis\u00e9s et \u00e0 renforcer les ingr\u00e9dients actifs pour am\u00e9liorer la performance du traitement. Int\u00e9grer des protocoles avanc\u00e9s d&rsquo;hydratation et de r\u00e9cup\u00e9ration de la peau. Application d&rsquo;appareils \u00e9lectriques pour le visage (Vapozone, cold spray) Consultation du client, personnalisation et suivi Affinez vos comp\u00e9tences en mati\u00e8re de consultation afin d&rsquo;\u00e9valuer les besoins des clients et de fixer des attentes r\u00e9alistes. Cr\u00e9er des plans de traitement personnalis\u00e9s en fonction de l&rsquo;\u00e9valuation de la peau du client et de ses objectifs. Fournir des recommandations avanc\u00e9es en mati\u00e8re de soins ult\u00e9rieurs afin de favoriser la sant\u00e9 de la peau \u00e0 long terme et la satisfaction du client. Pratique et coaching personnalis\u00e9 B\u00e9n\u00e9ficiez d&rsquo;une formation pratique intensive sous la supervision de formateurs experts. Travaillez en petit groupe (maximum 6 participants) pour assurer un accompagnement individuel et un perfectionnement des comp\u00e9tences. Acqu\u00e9rir de l&rsquo;assurance dans la r\u00e9alisation de traitements faciaux professionnels et ax\u00e9s sur les r\u00e9sultats, du d\u00e9but \u00e0 la fin. \u00c0 qui s&rsquo;adresse ce cours ? les esth\u00e9ticiennes qui ont suivi une formation d&rsquo;initiation ou de base aux soins du visage. Les professionnels qui cherchent \u00e0 \u00e9largir leur gamme de traitements avec des techniques avanc\u00e9es et des solutions cibl\u00e9es pour les probl\u00e8mes de peau complexes. Les sp\u00e9cialistes des soins de la peau qui souhaitent acqu\u00e9rir de l&rsquo;assurance dans l&rsquo;utilisation de produits professionnels et de technologies de pointe en mati\u00e8re de soins de la peau. Propri\u00e9taires d&rsquo;entreprises de beaut\u00e9 ou professionnels des spas souhaitant offrir \u00e0 leurs clients des services de soins du visage de grande valeur et ax\u00e9s sur les r\u00e9sultats. D\u00e9tails du cours Lieu : Acad\u00e9mie Clarissaglow Dur\u00e9e du s\u00e9jour : 5 jours Certification : \u00c0 la fin de la formation de 5 jours en soins du visage sp\u00e9cialis\u00e9s, vous recevrez la certification officielle en soins du visage sp\u00e9cialis\u00e9s, reconnaissant vos comp\u00e9tences professionnelles en mati\u00e8re de traitements du visage. Exigences en mati\u00e8re de certification : 90% de pr\u00e9sence au minimum Participation active aux sessions pratiques et th\u00e9oriques R\u00e9ussir les \u00e9valuations finales Date : Contactez-nous pour plus d&rsquo;informations : +41 76 802 9983 Prix : Chf 1200 Economisez jusqu&rsquo;\u00e0 CHF 550.00 en vous inscrivant aux cours de niveau 1, de niveau 2 et de niveau 3. Abonnement : academy@clarissaglow.ch\" \/>\n<meta property=\"og:url\" content=\"https:\/\/academy.clarissaglow.ch\/fr\/formation-specialisee-en-soins-faciaux-niveau-2-avance\/\" \/>\n<meta property=\"og:site_name\" content=\"Clarissaglow Academy\" \/>\n<meta property=\"article:publisher\" content=\"https:\/\/www.facebook.com\/profile.php?id=61557027672261\" \/>\n<meta property=\"article:published_time\" content=\"2024-05-17T07:05:20+00:00\" \/>\n<meta property=\"article:modified_time\" content=\"2026-04-02T17:32:26+00:00\" \/>\n<meta property=\"og:image\" content=\"https:\/\/academy.clarissaglow.ch\/wp-content\/uploads\/2025\/01\/Clarissaglow-Pictures-social-media-1.jpg\" \/>\n\t<meta property=\"og:image:width\" content=\"2048\" \/>\n\t<meta property=\"og:image:height\" content=\"2048\" \/>\n\t<meta property=\"og:image:type\" content=\"image\/jpeg\" \/>\n<meta name=\"author\" content=\"Clarissaglow Academy\" \/>\n<meta name=\"twitter:card\" content=\"summary_large_image\" \/>\n<meta name=\"twitter:label1\" content=\"\u00c9crit par\" \/>\n\t<meta name=\"twitter:data1\" content=\"Clarissaglow Academy\" \/>\n\t<meta name=\"twitter:label2\" content=\"Dur\u00e9e de lecture estim\u00e9e\" \/>\n\t<meta name=\"twitter:data2\" content=\"5 minutes\" \/>\n<script type=\"application\/ld+json\" class=\"yoast-schema-graph\">{\"@context\":\"https:\\\/\\\/schema.org\",\"@graph\":[{\"@type\":\"Article\",\"@id\":\"https:\\\/\\\/academy.clarissaglow.ch\\\/fr\\\/formation-specialisee-en-soins-faciaux-niveau-2-avance\\\/#article\",\"isPartOf\":{\"@id\":\"https:\\\/\\\/academy.clarissaglow.ch\\\/fr\\\/formation-specialisee-en-soins-faciaux-niveau-2-avance\\\/\"},\"author\":{\"name\":\"Clarissaglow Academy\",\"@id\":\"https:\\\/\\\/academy.clarissaglow.ch\\\/fr\\\/#\\\/schema\\\/person\\\/585ccefb1b8f0b5bbfce5a2e3a6efd7d\"},\"headline\":\"Formation sp\u00e9cialis\u00e9e en soins du visage Niveau 2-Avanc\u00e9\",\"datePublished\":\"2024-05-17T07:05:20+00:00\",\"dateModified\":\"2026-04-02T17:32:26+00:00\",\"mainEntityOfPage\":{\"@id\":\"https:\\\/\\\/academy.clarissaglow.ch\\\/fr\\\/formation-specialisee-en-soins-faciaux-niveau-2-avance\\\/\"},\"wordCount\":1096,\"publisher\":{\"@id\":\"https:\\\/\\\/academy.clarissaglow.ch\\\/fr\\\/#organization\"},\"image\":{\"@id\":\"https:\\\/\\\/academy.clarissaglow.ch\\\/fr\\\/formation-specialisee-en-soins-faciaux-niveau-2-avance\\\/#primaryimage\"},\"thumbnailUrl\":\"https:\\\/\\\/academy.clarissaglow.ch\\\/wp-content\\\/uploads\\\/2025\\\/01\\\/Clarissaglow-Pictures-social-media-1.jpg\",\"articleSection\":[\"COURS D'ESTH\u00c9TIQUE ET BEAUT\u00c9\"],\"inLanguage\":\"fr-FR\"},{\"@type\":\"WebPage\",\"@id\":\"https:\\\/\\\/academy.clarissaglow.ch\\\/fr\\\/formation-specialisee-en-soins-faciaux-niveau-2-avance\\\/\",\"url\":\"https:\\\/\\\/academy.clarissaglow.ch\\\/fr\\\/formation-specialisee-en-soins-faciaux-niveau-2-avance\\\/\",\"name\":\"Formation sp\u00e9cialis\u00e9e en soins du visage Niveau 2-Avanc\u00e9 - Clarissaglow Academy\",\"isPartOf\":{\"@id\":\"https:\\\/\\\/academy.clarissaglow.ch\\\/fr\\\/#website\"},\"primaryImageOfPage\":{\"@id\":\"https:\\\/\\\/academy.clarissaglow.ch\\\/fr\\\/formation-specialisee-en-soins-faciaux-niveau-2-avance\\\/#primaryimage\"},\"image\":{\"@id\":\"https:\\\/\\\/academy.clarissaglow.ch\\\/fr\\\/formation-specialisee-en-soins-faciaux-niveau-2-avance\\\/#primaryimage\"},\"thumbnailUrl\":\"https:\\\/\\\/academy.clarissaglow.ch\\\/wp-content\\\/uploads\\\/2025\\\/01\\\/Clarissaglow-Pictures-social-media-1.jpg\",\"datePublished\":\"2024-05-17T07:05:20+00:00\",\"dateModified\":\"2026-04-02T17:32:26+00:00\",\"breadcrumb\":{\"@id\":\"https:\\\/\\\/academy.clarissaglow.ch\\\/fr\\\/formation-specialisee-en-soins-faciaux-niveau-2-avance\\\/#breadcrumb\"},\"inLanguage\":\"fr-FR\",\"potentialAction\":[{\"@type\":\"ReadAction\",\"target\":[\"https:\\\/\\\/academy.clarissaglow.ch\\\/fr\\\/formation-specialisee-en-soins-faciaux-niveau-2-avance\\\/\"]}]},{\"@type\":\"ImageObject\",\"inLanguage\":\"fr-FR\",\"@id\":\"https:\\\/\\\/academy.clarissaglow.ch\\\/fr\\\/formation-specialisee-en-soins-faciaux-niveau-2-avance\\\/#primaryimage\",\"url\":\"https:\\\/\\\/academy.clarissaglow.ch\\\/wp-content\\\/uploads\\\/2025\\\/01\\\/Clarissaglow-Pictures-social-media-1.jpg\",\"contentUrl\":\"https:\\\/\\\/academy.clarissaglow.ch\\\/wp-content\\\/uploads\\\/2025\\\/01\\\/Clarissaglow-Pictures-social-media-1.jpg\",\"width\":2048,\"height\":2048,\"caption\":\"Learn advanced face treatment techniques and professional skincare at Clarissaglow Academy. Get certified and elevate your beauty career!\"},{\"@type\":\"BreadcrumbList\",\"@id\":\"https:\\\/\\\/academy.clarissaglow.ch\\\/fr\\\/formation-specialisee-en-soins-faciaux-niveau-2-avance\\\/#breadcrumb\",\"itemListElement\":[{\"@type\":\"ListItem\",\"position\":1,\"name\":\"Home\",\"item\":\"https:\\\/\\\/academy.clarissaglow.ch\\\/fr\\\/\"},{\"@type\":\"ListItem\",\"position\":2,\"name\":\"Formation sp\u00e9cialis\u00e9e en soins du visage Niveau 2-Avanc\u00e9\"}]},{\"@type\":\"WebSite\",\"@id\":\"https:\\\/\\\/academy.clarissaglow.ch\\\/fr\\\/#website\",\"url\":\"https:\\\/\\\/academy.clarissaglow.ch\\\/fr\\\/\",\"name\":\"academy.clarissaglow.ch\",\"description\":\"Professional Training in Massage &amp; Aesthetics.\",\"publisher\":{\"@id\":\"https:\\\/\\\/academy.clarissaglow.ch\\\/fr\\\/#organization\"},\"potentialAction\":[{\"@type\":\"SearchAction\",\"target\":{\"@type\":\"EntryPoint\",\"urlTemplate\":\"https:\\\/\\\/academy.clarissaglow.ch\\\/fr\\\/?s={search_term_string}\"},\"query-input\":{\"@type\":\"PropertyValueSpecification\",\"valueRequired\":true,\"valueName\":\"search_term_string\"}}],\"inLanguage\":\"fr-FR\"},{\"@type\":\"Organization\",\"@id\":\"https:\\\/\\\/academy.clarissaglow.ch\\\/fr\\\/#organization\",\"name\":\"academy.clarissaglow.ch\",\"url\":\"https:\\\/\\\/academy.clarissaglow.ch\\\/fr\\\/\",\"logo\":{\"@type\":\"ImageObject\",\"inLanguage\":\"fr-FR\",\"@id\":\"https:\\\/\\\/academy.clarissaglow.ch\\\/fr\\\/#\\\/schema\\\/logo\\\/image\\\/\",\"url\":\"https:\\\/\\\/academy.clarissaglow.ch\\\/wp-content\\\/uploads\\\/2024\\\/01\\\/Logo-31.png\",\"contentUrl\":\"https:\\\/\\\/academy.clarissaglow.ch\\\/wp-content\\\/uploads\\\/2024\\\/01\\\/Logo-31.png\",\"width\":500,\"height\":500,\"caption\":\"academy.clarissaglow.ch\"},\"image\":{\"@id\":\"https:\\\/\\\/academy.clarissaglow.ch\\\/fr\\\/#\\\/schema\\\/logo\\\/image\\\/\"},\"sameAs\":[\"https:\\\/\\\/www.facebook.com\\\/profile.php?id=61557027672261\"]},{\"@type\":\"Person\",\"@id\":\"https:\\\/\\\/academy.clarissaglow.ch\\\/fr\\\/#\\\/schema\\\/person\\\/585ccefb1b8f0b5bbfce5a2e3a6efd7d\",\"name\":\"Clarissaglow Academy\",\"image\":{\"@type\":\"ImageObject\",\"inLanguage\":\"fr-FR\",\"@id\":\"https:\\\/\\\/secure.gravatar.com\\\/avatar\\\/a8da446337b332c77d56a192def9e4d3123f4dbbb5c58798a03ca9bb3a0d0158?s=96&d=mm&r=g\",\"url\":\"https:\\\/\\\/secure.gravatar.com\\\/avatar\\\/a8da446337b332c77d56a192def9e4d3123f4dbbb5c58798a03ca9bb3a0d0158?s=96&d=mm&r=g\",\"contentUrl\":\"https:\\\/\\\/secure.gravatar.com\\\/avatar\\\/a8da446337b332c77d56a192def9e4d3123f4dbbb5c58798a03ca9bb3a0d0158?s=96&d=mm&r=g\",\"caption\":\"Clarissaglow Academy\"},\"sameAs\":[\"https:\\\/\\\/academy.clarissaglow.ch\"],\"url\":\"https:\\\/\\\/academy.clarissaglow.ch\\\/fr\\\/author\\\/392482\\\/\"}]}<\/script>\n<!-- \/ Yoast SEO plugin. -->","yoast_head_json":{"title":"Formation sp\u00e9cialis\u00e9e en soins du visage Niveau 2-Avanc\u00e9 - Clarissaglow Academy","robots":{"index":"index","follow":"follow","max-snippet":"max-snippet:-1","max-image-preview":"max-image-preview:large","max-video-preview":"max-video-preview:-1"},"canonical":"https:\/\/academy.clarissaglow.ch\/fr\/formation-specialisee-en-soins-faciaux-niveau-2-avance\/","og_locale":"fr_FR","og_type":"article","og_title":"Formation sp\u00e9cialis\u00e9e en soins du visage Niveau 2-Avanc\u00e9 - Clarissaglow Academy","og_description":"Formation sp\u00e9cialis\u00e9e en soins du visage Niveau 2-Avanc\u00e9 Ma\u00eetriser les techniques faciales avanc\u00e9es Ce cours avanc\u00e9 est con\u00e7u pour am\u00e9liorer votre expertise en mati\u00e8re de soins professionnels du visage. En vous appuyant sur vos connaissances de base, vous renforcerez vos techniques et apprendrez \u00e0 r\u00e9aliser des traitements de haute performance en utilisant des m\u00e9thodes avanc\u00e9es et des produits de qualit\u00e9 professionnelle. Le niveau 2 se concentre sur le d\u00e9veloppement de vos comp\u00e9tences avec des techniques faciales avanc\u00e9es et l&rsquo;int\u00e9gration de technologies de soins de la peau sp\u00e9cialis\u00e9es. Vous affinerez votre capacit\u00e9 \u00e0 analyser et \u00e0 traiter des probl\u00e8mes de peau plus complexes avec confiance, pr\u00e9cision et professionnalisme. Tout au long de cette formation compl\u00e8te, vous explorerez des m\u00e9thodes de traitement innovantes et des strat\u00e9gies de soins personnalis\u00e9es. Combinant th\u00e9orie approfondie et pratique, ce cours vous pr\u00e9pare \u00e0 offrir des traitements faciaux personnalis\u00e9s et de haut niveau, adapt\u00e9s aux besoins sp\u00e9cifiques de chaque client. Pourquoi une formation sp\u00e9cialis\u00e9e en soins du visage &#8211; niveau 2 (avanc\u00e9) ? Ma\u00eetriser les techniques avanc\u00e9esApprenez des traitements sp\u00e9cialis\u00e9s con\u00e7us pour cibler des probl\u00e8mes de peau sp\u00e9cifiques et complexes. Renforcez vos comp\u00e9tences professionnellesObtenez une certification interm\u00e9diaire qui renforce votre valeur et votre cr\u00e9dibilit\u00e9 dans l&rsquo;industrie de la beaut\u00e9. Gagnez en confiance avec les technologies de pointeD\u00e9veloppez vos comp\u00e9tences dans l&rsquo;utilisation de produits et de technologies de pointe pour les soins de la peau afin d&rsquo;obtenir des r\u00e9sultats professionnels. Ce cours offre une formation compl\u00e8te qui associe la th\u00e9orie \u00e0 une pratique intensive. Vous explorerez des m\u00e9thodes innovantes et des strat\u00e9gies de traitement personnalis\u00e9es pour r\u00e9pondre aux besoins uniques de chaque client. Avec des groupes de taille r\u00e9duite &#8211; limit\u00e9s \u00e0 6 participants &#8211; vous b\u00e9n\u00e9ficierez d&rsquo;une attention personnalis\u00e9e, de conseils d&rsquo;experts et d&rsquo;une exp\u00e9rience pratique qui vous aideront \u00e0 perfectionner vos comp\u00e9tences et \u00e0 obtenir des r\u00e9sultats exceptionnels en toute confiance. Objectifs de la formation Ma\u00eetrisez l&rsquo;analyse approfondie de la peau et les m\u00e9thodes de diagnostic avanc\u00e9es. Mettre en \u0153uvre des proc\u00e9dures de soins du visage de niveau interm\u00e9diaire. \u00c9laborer des consultations efficaces avec les clients et des plans de traitement personnalis\u00e9s. Comp\u00e9tences acquises Diagnostic interm\u00e9diaire de la peau Application d&rsquo;appareils \u00e9lectriques pour le visage (Vapozone, cold spray) Techniques de massage avanc\u00e9es et protocoles de traitement sp\u00e9cialis\u00e9s Am\u00e9lioration de l&rsquo;interaction avec les clients et des comp\u00e9tences en mati\u00e8re de consultation ? ??? Aper\u00e7u du programme de cours &#8211; Intensif de 5 jours R\u00f4le professionnel et \u00e9thique en pratique avanc\u00e9e Approfondissez votre compr\u00e9hension du r\u00f4le professionnel de l&rsquo;esth\u00e9ticienne dans les soins avanc\u00e9s du visage. Examiner les responsabilit\u00e9s \u00e9thiques lors de la prise en charge de probl\u00e8mes cutan\u00e9s complexes. Apprenez les meilleures pratiques pour g\u00e9rer les environnements de traitement avanc\u00e9s et les protocoles de soins aux clients. Biologie avanc\u00e9e de la peau, affections et diagnostic Revoir l&rsquo;anatomie de la peau en mettant l&rsquo;accent sur la fa\u00e7on dont les facteurs biologiques influencent les r\u00e9sultats du traitement. Apprendre \u00e0 reconna\u00eetre et \u00e0 \u00e9valuer des affections cutan\u00e9es plus complexes (sensibilit\u00e9, d\u00e9shydratation, vieillissement, hyperpigmentation). Appliquer des techniques de diagnostic avanc\u00e9es pour concevoir des plans de traitement personnalis\u00e9s. Protocoles sp\u00e9cialis\u00e9s SOTHYS et ma\u00eetrise des produits D\u00e9couvrez les protocoles de traitement avanc\u00e9s de SOTHYS et leurs applications cibl\u00e9es. Acqu\u00e9rir une connaissance approfondie des gammes de produits sp\u00e9cialis\u00e9s SOTHYS con\u00e7us pour un usage professionnel. Apprenez \u00e0 combiner les produits et les techniques pour obtenir des r\u00e9sultats optimaux pour diverses affections cutan\u00e9es. Techniques avanc\u00e9es de traitement du visage Pratiquez des m\u00e9thodes avanc\u00e9es de nettoyage, d&rsquo;exfoliation et d&rsquo;extraction adapt\u00e9es aux probl\u00e8mes sp\u00e9cifiques de la peau. Apprenez \u00e0 appliquer des masques sp\u00e9cialis\u00e9s et \u00e0 renforcer les ingr\u00e9dients actifs pour am\u00e9liorer la performance du traitement. Int\u00e9grer des protocoles avanc\u00e9s d&rsquo;hydratation et de r\u00e9cup\u00e9ration de la peau. Application d&rsquo;appareils \u00e9lectriques pour le visage (Vapozone, cold spray) Consultation du client, personnalisation et suivi Affinez vos comp\u00e9tences en mati\u00e8re de consultation afin d&rsquo;\u00e9valuer les besoins des clients et de fixer des attentes r\u00e9alistes. Cr\u00e9er des plans de traitement personnalis\u00e9s en fonction de l&rsquo;\u00e9valuation de la peau du client et de ses objectifs. Fournir des recommandations avanc\u00e9es en mati\u00e8re de soins ult\u00e9rieurs afin de favoriser la sant\u00e9 de la peau \u00e0 long terme et la satisfaction du client. Pratique et coaching personnalis\u00e9 B\u00e9n\u00e9ficiez d&rsquo;une formation pratique intensive sous la supervision de formateurs experts. Travaillez en petit groupe (maximum 6 participants) pour assurer un accompagnement individuel et un perfectionnement des comp\u00e9tences. Acqu\u00e9rir de l&rsquo;assurance dans la r\u00e9alisation de traitements faciaux professionnels et ax\u00e9s sur les r\u00e9sultats, du d\u00e9but \u00e0 la fin. \u00c0 qui s&rsquo;adresse ce cours ? les esth\u00e9ticiennes qui ont suivi une formation d&rsquo;initiation ou de base aux soins du visage. Les professionnels qui cherchent \u00e0 \u00e9largir leur gamme de traitements avec des techniques avanc\u00e9es et des solutions cibl\u00e9es pour les probl\u00e8mes de peau complexes. Les sp\u00e9cialistes des soins de la peau qui souhaitent acqu\u00e9rir de l&rsquo;assurance dans l&rsquo;utilisation de produits professionnels et de technologies de pointe en mati\u00e8re de soins de la peau. Propri\u00e9taires d&rsquo;entreprises de beaut\u00e9 ou professionnels des spas souhaitant offrir \u00e0 leurs clients des services de soins du visage de grande valeur et ax\u00e9s sur les r\u00e9sultats. D\u00e9tails du cours Lieu : Acad\u00e9mie Clarissaglow Dur\u00e9e du s\u00e9jour : 5 jours Certification : \u00c0 la fin de la formation de 5 jours en soins du visage sp\u00e9cialis\u00e9s, vous recevrez la certification officielle en soins du visage sp\u00e9cialis\u00e9s, reconnaissant vos comp\u00e9tences professionnelles en mati\u00e8re de traitements du visage. Exigences en mati\u00e8re de certification : 90% de pr\u00e9sence au minimum Participation active aux sessions pratiques et th\u00e9oriques R\u00e9ussir les \u00e9valuations finales Date : Contactez-nous pour plus d&rsquo;informations : +41 76 802 9983 Prix : Chf 1200 Economisez jusqu&rsquo;\u00e0 CHF 550.00 en vous inscrivant aux cours de niveau 1, de niveau 2 et de niveau 3. Abonnement : academy@clarissaglow.ch","og_url":"https:\/\/academy.clarissaglow.ch\/fr\/formation-specialisee-en-soins-faciaux-niveau-2-avance\/","og_site_name":"Clarissaglow Academy","article_publisher":"https:\/\/www.facebook.com\/profile.php?id=61557027672261","article_published_time":"2024-05-17T07:05:20+00:00","article_modified_time":"2026-04-02T17:32:26+00:00","og_image":[{"width":2048,"height":2048,"url":"https:\/\/academy.clarissaglow.ch\/wp-content\/uploads\/2025\/01\/Clarissaglow-Pictures-social-media-1.jpg","type":"image\/jpeg"}],"author":"Clarissaglow Academy","twitter_card":"summary_large_image","twitter_misc":{"\u00c9crit par":"Clarissaglow Academy","Dur\u00e9e de lecture estim\u00e9e":"5 minutes"},"schema":{"@context":"https:\/\/schema.org","@graph":[{"@type":"Article","@id":"https:\/\/academy.clarissaglow.ch\/fr\/formation-specialisee-en-soins-faciaux-niveau-2-avance\/#article","isPartOf":{"@id":"https:\/\/academy.clarissaglow.ch\/fr\/formation-specialisee-en-soins-faciaux-niveau-2-avance\/"},"author":{"name":"Clarissaglow Academy","@id":"https:\/\/academy.clarissaglow.ch\/fr\/#\/schema\/person\/585ccefb1b8f0b5bbfce5a2e3a6efd7d"},"headline":"Formation sp\u00e9cialis\u00e9e en soins du visage Niveau 2-Avanc\u00e9","datePublished":"2024-05-17T07:05:20+00:00","dateModified":"2026-04-02T17:32:26+00:00","mainEntityOfPage":{"@id":"https:\/\/academy.clarissaglow.ch\/fr\/formation-specialisee-en-soins-faciaux-niveau-2-avance\/"},"wordCount":1096,"publisher":{"@id":"https:\/\/academy.clarissaglow.ch\/fr\/#organization"},"image":{"@id":"https:\/\/academy.clarissaglow.ch\/fr\/formation-specialisee-en-soins-faciaux-niveau-2-avance\/#primaryimage"},"thumbnailUrl":"https:\/\/academy.clarissaglow.ch\/wp-content\/uploads\/2025\/01\/Clarissaglow-Pictures-social-media-1.jpg","articleSection":["COURS D'ESTH\u00c9TIQUE ET BEAUT\u00c9"],"inLanguage":"fr-FR"},{"@type":"WebPage","@id":"https:\/\/academy.clarissaglow.ch\/fr\/formation-specialisee-en-soins-faciaux-niveau-2-avance\/","url":"https:\/\/academy.clarissaglow.ch\/fr\/formation-specialisee-en-soins-faciaux-niveau-2-avance\/","name":"Formation sp\u00e9cialis\u00e9e en soins du visage Niveau 2-Avanc\u00e9 - Clarissaglow Academy","isPartOf":{"@id":"https:\/\/academy.clarissaglow.ch\/fr\/#website"},"primaryImageOfPage":{"@id":"https:\/\/academy.clarissaglow.ch\/fr\/formation-specialisee-en-soins-faciaux-niveau-2-avance\/#primaryimage"},"image":{"@id":"https:\/\/academy.clarissaglow.ch\/fr\/formation-specialisee-en-soins-faciaux-niveau-2-avance\/#primaryimage"},"thumbnailUrl":"https:\/\/academy.clarissaglow.ch\/wp-content\/uploads\/2025\/01\/Clarissaglow-Pictures-social-media-1.jpg","datePublished":"2024-05-17T07:05:20+00:00","dateModified":"2026-04-02T17:32:26+00:00","breadcrumb":{"@id":"https:\/\/academy.clarissaglow.ch\/fr\/formation-specialisee-en-soins-faciaux-niveau-2-avance\/#breadcrumb"},"inLanguage":"fr-FR","potentialAction":[{"@type":"ReadAction","target":["https:\/\/academy.clarissaglow.ch\/fr\/formation-specialisee-en-soins-faciaux-niveau-2-avance\/"]}]},{"@type":"ImageObject","inLanguage":"fr-FR","@id":"https:\/\/academy.clarissaglow.ch\/fr\/formation-specialisee-en-soins-faciaux-niveau-2-avance\/#primaryimage","url":"https:\/\/academy.clarissaglow.ch\/wp-content\/uploads\/2025\/01\/Clarissaglow-Pictures-social-media-1.jpg","contentUrl":"https:\/\/academy.clarissaglow.ch\/wp-content\/uploads\/2025\/01\/Clarissaglow-Pictures-social-media-1.jpg","width":2048,"height":2048,"caption":"Learn advanced face treatment techniques and professional skincare at Clarissaglow Academy. Get certified and elevate your beauty career!"},{"@type":"BreadcrumbList","@id":"https:\/\/academy.clarissaglow.ch\/fr\/formation-specialisee-en-soins-faciaux-niveau-2-avance\/#breadcrumb","itemListElement":[{"@type":"ListItem","position":1,"name":"Home","item":"https:\/\/academy.clarissaglow.ch\/fr\/"},{"@type":"ListItem","position":2,"name":"Formation sp\u00e9cialis\u00e9e en soins du visage Niveau 2-Avanc\u00e9"}]},{"@type":"WebSite","@id":"https:\/\/academy.clarissaglow.ch\/fr\/#website","url":"https:\/\/academy.clarissaglow.ch\/fr\/","name":"academy.clarissaglow.ch","description":"Professional Training in Massage &amp; Aesthetics.","publisher":{"@id":"https:\/\/academy.clarissaglow.ch\/fr\/#organization"},"potentialAction":[{"@type":"SearchAction","target":{"@type":"EntryPoint","urlTemplate":"https:\/\/academy.clarissaglow.ch\/fr\/?s={search_term_string}"},"query-input":{"@type":"PropertyValueSpecification","valueRequired":true,"valueName":"search_term_string"}}],"inLanguage":"fr-FR"},{"@type":"Organization","@id":"https:\/\/academy.clarissaglow.ch\/fr\/#organization","name":"academy.clarissaglow.ch","url":"https:\/\/academy.clarissaglow.ch\/fr\/","logo":{"@type":"ImageObject","inLanguage":"fr-FR","@id":"https:\/\/academy.clarissaglow.ch\/fr\/#\/schema\/logo\/image\/","url":"https:\/\/academy.clarissaglow.ch\/wp-content\/uploads\/2024\/01\/Logo-31.png","contentUrl":"https:\/\/academy.clarissaglow.ch\/wp-content\/uploads\/2024\/01\/Logo-31.png","width":500,"height":500,"caption":"academy.clarissaglow.ch"},"image":{"@id":"https:\/\/academy.clarissaglow.ch\/fr\/#\/schema\/logo\/image\/"},"sameAs":["https:\/\/www.facebook.com\/profile.php?id=61557027672261"]},{"@type":"Person","@id":"https:\/\/academy.clarissaglow.ch\/fr\/#\/schema\/person\/585ccefb1b8f0b5bbfce5a2e3a6efd7d","name":"Clarissaglow Academy","image":{"@type":"ImageObject","inLanguage":"fr-FR","@id":"https:\/\/secure.gravatar.com\/avatar\/a8da446337b332c77d56a192def9e4d3123f4dbbb5c58798a03ca9bb3a0d0158?s=96&d=mm&r=g","url":"https:\/\/secure.gravatar.com\/avatar\/a8da446337b332c77d56a192def9e4d3123f4dbbb5c58798a03ca9bb3a0d0158?s=96&d=mm&r=g","contentUrl":"https:\/\/secure.gravatar.com\/avatar\/a8da446337b332c77d56a192def9e4d3123f4dbbb5c58798a03ca9bb3a0d0158?s=96&d=mm&r=g","caption":"Clarissaglow Academy"},"sameAs":["https:\/\/academy.clarissaglow.ch"],"url":"https:\/\/academy.clarissaglow.ch\/fr\/author\/392482\/"}]}},"jetpack_featured_media_url":"https:\/\/academy.clarissaglow.ch\/wp-content\/uploads\/2025\/01\/Clarissaglow-Pictures-social-media-1.jpg","jetpack_sharing_enabled":true,"rttpg_featured_image_url":{"full":["https:\/\/academy.clarissaglow.ch\/wp-content\/uploads\/2025\/01\/Clarissaglow-Pictures-social-media-1.jpg",2048,2048,false],"landscape":["https:\/\/academy.clarissaglow.ch\/wp-content\/uploads\/2025\/01\/Clarissaglow-Pictures-social-media-1.jpg",2048,2048,false],"portraits":["https:\/\/academy.clarissaglow.ch\/wp-content\/uploads\/2025\/01\/Clarissaglow-Pictures-social-media-1.jpg",2048,2048,false],"thumbnail":["https:\/\/academy.clarissaglow.ch\/wp-content\/uploads\/2025\/01\/Clarissaglow-Pictures-social-media-1-150x150.jpg",150,150,true],"medium":["https:\/\/academy.clarissaglow.ch\/wp-content\/uploads\/2025\/01\/Clarissaglow-Pictures-social-media-1-300x300.jpg",300,300,true],"large":["https:\/\/academy.clarissaglow.ch\/wp-content\/uploads\/2025\/01\/Clarissaglow-Pictures-social-media-1-1024x1024.jpg",800,800,true],"1536x1536":["https:\/\/academy.clarissaglow.ch\/wp-content\/uploads\/2025\/01\/Clarissaglow-Pictures-social-media-1-1536x1536.jpg",1536,1536,true],"2048x2048":["https:\/\/academy.clarissaglow.ch\/wp-content\/uploads\/2025\/01\/Clarissaglow-Pictures-social-media-1.jpg",2048,2048,false],"mailpoet_newsletter_max":["https:\/\/academy.clarissaglow.ch\/wp-content\/uploads\/2025\/01\/Clarissaglow-Pictures-social-media-1.jpg",1320,1320,false],"woocommerce_thumbnail":["https:\/\/academy.clarissaglow.ch\/wp-content\/uploads\/2025\/01\/Clarissaglow-Pictures-social-media-1-300x300.jpg",300,300,true],"woocommerce_single":["https:\/\/academy.clarissaglow.ch\/wp-content\/uploads\/2025\/01\/Clarissaglow-Pictures-social-media-1-600x600.jpg",600,600,true],"woocommerce_gallery_thumbnail":["https:\/\/academy.clarissaglow.ch\/wp-content\/uploads\/2025\/01\/Clarissaglow-Pictures-social-media-1-100x100.jpg",100,100,true],"rt_custom":["https:\/\/academy.clarissaglow.ch\/wp-content\/uploads\/2025\/01\/Clarissaglow-Pictures-social-media-1.jpg",2048,2048,false]},"rttpg_author":{"display_name":"Clarissaglow Academy","author_link":"https:\/\/academy.clarissaglow.ch\/fr\/author\/392482\/"},"rttpg_comment":0,"rttpg_category":"<a href=\"https:\/\/academy.clarissaglow.ch\/fr\/category\/cours-desthetique-et-beaute\/\" rel=\"category tag\">COURS D'ESTH\u00c9TIQUE ET BEAUT\u00c9<\/a>","rttpg_excerpt":"Formation sp\u00e9cialis\u00e9e en soins du visage Niveau 2-Avanc\u00e9 Ma\u00eetriser les techniques faciales avanc\u00e9es Ce cours avanc\u00e9 est con\u00e7u pour am\u00e9liorer votre expertise en mati\u00e8re de soins professionnels du visage. En vous appuyant sur vos connaissances de base, vous renforcerez vos techniques et apprendrez \u00e0 r\u00e9aliser des traitements de haute performance en utilisant des m\u00e9thodes avanc\u00e9es\u2026","_links":{"self":[{"href":"https:\/\/academy.clarissaglow.ch\/fr\/wp-json\/wp\/v2\/posts\/52578","targetHints":{"allow":["GET"]}}],"collection":[{"href":"https:\/\/academy.clarissaglow.ch\/fr\/wp-json\/wp\/v2\/posts"}],"about":[{"href":"https:\/\/academy.clarissaglow.ch\/fr\/wp-json\/wp\/v2\/types\/post"}],"author":[{"embeddable":true,"href":"https:\/\/academy.clarissaglow.ch\/fr\/wp-json\/wp\/v2\/users\/1"}],"replies":[{"embeddable":true,"href":"https:\/\/academy.clarissaglow.ch\/fr\/wp-json\/wp\/v2\/comments?post=52578"}],"version-history":[{"count":18,"href":"https:\/\/academy.clarissaglow.ch\/fr\/wp-json\/wp\/v2\/posts\/52578\/revisions"}],"predecessor-version":[{"id":72689,"href":"https:\/\/academy.clarissaglow.ch\/fr\/wp-json\/wp\/v2\/posts\/52578\/revisions\/72689"}],"wp:featuredmedia":[{"embeddable":true,"href":"https:\/\/academy.clarissaglow.ch\/fr\/wp-json\/wp\/v2\/media\/57434"}],"wp:attachment":[{"href":"https:\/\/academy.clarissaglow.ch\/fr\/wp-json\/wp\/v2\/media?parent=52578"}],"wp:term":[{"taxonomy":"category","embeddable":true,"href":"https:\/\/academy.clarissaglow.ch\/fr\/wp-json\/wp\/v2\/categories?post=52578"},{"taxonomy":"post_tag","embeddable":true,"href":"https:\/\/academy.clarissaglow.ch\/fr\/wp-json\/wp\/v2\/tags?post=52578"}],"curies":[{"name":"wp","href":"https:\/\/api.w.org\/{rel}","templated":true}]}}